{"id":14345,"date":"2020-10-12T09:40:32","date_gmt":"2020-10-12T09:40:32","guid":{"rendered":"https:\/\/africalia.be\/papy-jean-alias-sando-marteau-2\/"},"modified":"2023-10-04T15:09:52","modified_gmt":"2023-10-04T15:09:52","slug":"papy-jean-alias-sando-marteau-2","status":"publish","type":"post","link":"https:\/\/africalia.be\/nl\/papy-jean-alias-sando-marteau-2\/","title":{"rendered":"Sando hamer"},"content":{"rendered":"<p><img fetchpriority=\"high\" decoding=\"async\" class=\" size-full wp-image-14343\" src=\"https:\/\/africalia.be\/wp-content\/uploads\/2020\/10\/sando_marteau_et_mujik_a_kwetu-jpg.webp\" alt=\"sando_marteau_et_mujik_a_kwetu.jpg\" align=\"insert|left\" width=\"639\" height=\"960\" srcset=\"https:\/\/africalia.be\/wp-content\/uploads\/2020\/10\/sando_marteau_et_mujik_a_kwetu-jpg.webp 639w, https:\/\/africalia.be\/wp-content\/uploads\/2020\/10\/sando_marteau_et_mujik_a_kwetu-200x300.webp 200w\" sizes=\"(max-width: 639px) 100vw, 639px\" \/><\/p>\n<p><bloc>L&rsquo;artiste<\/p>\n<h3>Quelques mots sur votre parcours artistique<\/h3>\n<p>Je suis com\u00e9dien et conteur dans la troupe MUFWANKOLO, compagnie mythique de th\u00e9\u00e2tre populaire swahili du Katanga, mais aussi compositeur et chanteur dans le groupe MUJIK\u2019A KWETU.  J\u2019essaye depuis de valoriser le multiculturalisme en associant influences katangaises et sonorit\u00e9s nouvelles, europ\u00e9ennes et ouest africaines.<\/p>\n<h3>Depuis combien de temps \u00eates-vous artiste ?<\/h3>\n<p>J\u2019ai commenc\u00e9 comme com\u00e9dien dans la troupe  th\u00e9\u00e2trale Mufwankolo en 1999. J\u2019ai mont\u00e9 le groupe musical Mujik-a Kwetu en 2009.<\/p>\n<h3>Pourquoi avez-vous postul\u00e9 \u00e0 cette bourse ? En quoi la bourse va vous soutenir ? <\/h3>\n<p>J&rsquo;ai postul\u00e9 \u00e0 cette bourse car elle permettra \u00e0 la troupe et au groupe de participer main dans la main \u00e0 un projet socio-politique et de s\u2019inscrire dans une r\u00e9flexion \u00e0 long terme sur la justice sociale. Cette opportunit\u00e9 nous permettra de r\u00e9aliser un projet d\u2019utilit\u00e9 publique de qualit\u00e9.<\/p>\n<h3>Quels sont vos objectifs artistiques concrets apr\u00e8s cette r\u00e9sidence ?<\/h3>\n<p>Produire le spectacle \u00e0 l\u2019Institut Fran\u00e7ais et au Centre Wallonie-Bruxelles de Lubumbashi, puis sur les sc\u00e8nes de quartier de la ville et de la Province, pour faire passer un message dans des localit\u00e9s rurales. <\/p>\n<p><\/bloc><\/p>\n<p><bloc>Sa r\u00e9sidence<\/p>\n<h2>Qu\u2019avez-vous accompli au cours de cette r\u00e9sidence de cr\u00e9ation ? Quel est le r\u00e9sultat (\u0153uvre cr\u00e9\u00e9e) ? Qui a \u00e9t\u00e9 impliqu\u00e9 dans le processus de cr\u00e9ation ?<\/h2>\n<p>L\u2019\u0153uvre cr\u00e9\u00e9e gr\u00e2ce \u00e0 la bourse Africalia est une pi\u00e8ce de th\u00e9\u00e2tre bas\u00e9e sur la technique du conte musical. Elle associe la narration directe au public \u00e0 des interludes musicaux dans\u00e9s qui illustrent l\u2019histoire. Les chansons ont \u00e9t\u00e9 compos\u00e9es sp\u00e9cialement pour Mhamiaji par Sando Marteau. La pi\u00e8ce comprend des moments de dialogue direct avec le public, dans la tradition du th\u00e9\u00e2tre lushois. Il s\u2019agit d\u2019une \u0153uvre bilingue swahili-fran\u00e7ais.<\/p>\n<h2>Comment estimez-vous que ces activit\u00e9s permettent une r\u00e9flexion sur le monde actuel, en lien avec la crise du COVID-19, et\/ou sur la construction du futur ?<\/h2>\n<p>La pi\u00e8ce a pour objectif de questionner les in\u00e9galit\u00e9s nord-sud dans un contexte sanitaire qui n\u2019\u00e9pargne personne et durant lequel la notion de \u00ab solidarit\u00e9 \u00bb est centrale.<br \/>\nLa pi\u00e8ce porte sur le post-colonialisme et le poids du pass\u00e9 sur les enjeux actuels de l\u2019Afrique. Sur la capacit\u00e9\/incapacit\u00e9 des africains \u00e0 prendre en main leur destin dans un monde gouvern\u00e9 par l\u2019argent. Elle porte aussi sur l\u2019eldorado europ\u00e9en et la r\u00e9alit\u00e9 des migrants africains devenus sans-papiers, pour fuir des pays qui les pers\u00e9cutent : \u00ab Tu mets le feu \u00e0 ma case ? Je viens habiter chez toi \u00bb. Enfin, elle porte sur les inconciliables int\u00e9r\u00eats du nord et du sud quand ils sont r\u00e9fl\u00e9chis \u00e0 travers le prisme des richesses mon\u00e9taires.<br \/>\nSi ces sujets sont au c\u0153ur de l\u2019actualit\u00e9 en Europe, ils sont encore tabous en RDCongo. Le but est d\u2019ouvrir le d\u00e9bat dans un pays o\u00f9 la libert\u00e9 d\u2019expression est limit\u00e9e et o\u00f9 le r\u00eave europ\u00e9en brise des familles enti\u00e8res.<br \/>\nL\u2019\u0153uvre questionne les solutions pour sortir l\u2019Afrique de ses probl\u00e8mes. Copier les autres r\u00e9alit\u00e9s n\u2019est pas une solution : m\u00eame modestement, il nous faut innover.<\/p>\n<h2>Quel a \u00e9t\u00e9 votre ressenti durant la r\u00e9sidence ? Et au sortir de celle-ci ? <\/h2>\n<p>La bourse a r\u00e9ellement motiv\u00e9 le groupe \u00e0 un moment o\u00f9 les activit\u00e9s culturelles \u00e9taient aux arr\u00eats. Le fait d\u2019avoir une \u00e9ch\u00e9ance finale pour livrer le spectacle a \u00e9t\u00e9 tr\u00e8s stimulant. Elle nous a donn\u00e9 du temps pour travailler et nous relancer une dynamique cr\u00e9ative.<br \/>\nLe spectacle est perfectible : il doit \u00eatre affin\u00e9, car au fur-et-\u00e0-mesure que la troupe l\u2019a travaill\u00e9, chacun a souhait\u00e9 y ajouter des messages suppl\u00e9mentaires. Alors qu\u2019il s\u2019agissait au d\u00e9part de raconter une histoire (pourquoi l\u2019immigr\u00e9 quitte la RDCongo pour l\u2019Europe \/ comment en est-on arriv\u00e9 l\u00e0 ?), chaque participant s\u2019est saisi de l\u2019occasion pour exprimer sa frustration contre le pouvoir oppresseur, contre le poids des institutions mondiales, contre nous-m\u00eames aussi, et pour l\u2019espoir de jours meilleurs.<\/p>\n<p><\/bloc><\/p>\n<p><bloc>Son \u0153uvre<\/p>\n<p>[(<\/p>\n<h2>Mhamiaji<\/h2>\n<p>)]<\/p>\n<figure id=\"attachment_14344\" aria-describedby=\"caption-attachment-14344\" style=\"width: 763px\" class=\"wp-caption alignnone\"><img decoding=\"async\" class=\" size-full wp-image-14344\" src=\"https:\/\/africalia.be\/wp-content\/uploads\/2020\/10\/affiche_mhamiaji-jpg.webp\" alt=\"Sando Marteau - Mhamiaji\" title=\"Sando Marteau - Mhamiaji\" class=\"caption\" align=\"insert|center\" width=\"763\" height=\"1080\" srcset=\"https:\/\/africalia.be\/wp-content\/uploads\/2020\/10\/affiche_mhamiaji-jpg.webp 763w, https:\/\/africalia.be\/wp-content\/uploads\/2020\/10\/affiche_mhamiaji-212x300.webp 212w, https:\/\/africalia.be\/wp-content\/uploads\/2020\/10\/affiche_mhamiaji-723x1024.webp 723w\" sizes=\"(max-width: 763px) 100vw, 763px\" \/><figcaption id=\"caption-attachment-14344\" class=\"wp-caption-text\">Sando Marteau &#8211; Mhamiaji<\/figcaption><\/figure>\n<p><iframe width=\"560\" height=\"315\" src=\"https:\/\/www.youtube.com\/embed\/8wXnmHhC-zo\" frameborder=\"0\" allow=\"accelerometer; autoplay; clipboard-write; encrypted-media; gyroscope; picture-in-picture\" allowfullscreen><\/iframe><\/p>\n<p><\/bloc><\/p>\n<div id='gallery-1' class='gallery galleryid-14345 gallery-columns-3 gallery-size-thumbnail'><figure class='gallery-item'>\n\t\t\t<div class='gallery-icon portrait'>\n\t\t\t\t<a href='https:\/\/africalia.be\/wp-content\/uploads\/2020\/06\/sando_marteau_et_mujik_a_kwetu-jpg.webp'><img decoding=\"async\" width=\"150\" height=\"150\" src=\"https:\/\/africalia.be\/wp-content\/uploads\/2020\/06\/sando_marteau_et_mujik_a_kwetu-150x150.webp\" class=\"attachment-thumbnail size-thumbnail\" alt=\"sando_marteau_et_mujik_a_kwetu.jpg\" \/><\/a>\n\t\t\t<\/div><\/figure><figure class='gallery-item'>\n\t\t\t<div class='gallery-icon portrait'>\n\t\t\t\t<a href='https:\/\/africalia.be\/wp-content\/uploads\/2020\/10\/affiche_mhamiaji-jpg.webp'><img loading=\"lazy\" decoding=\"async\" width=\"150\" height=\"150\" src=\"https:\/\/africalia.be\/wp-content\/uploads\/2020\/10\/affiche_mhamiaji-150x150.webp\" class=\"attachment-thumbnail size-thumbnail\" alt=\"Sando Marteau - Mhamiaji\" aria-describedby=\"gallery-1-14347\" \/><\/a>\n\t\t\t<\/div>\n\t\t\t\t<figcaption class='wp-caption-text gallery-caption' id='gallery-1-14347'>\n\t\t\t\tSando Marteau &#8211; Mhamiaji\n\t\t\t\t<\/figcaption><\/figure>\n\t\t<\/div>\n\n","protected":false},"excerpt":{"rendered":"<h3>Sando hamer <\/h3>\n<ul>\n<li> LEEFTIJD: 47 jaar oud<\/li>\n<li> LAND van verblijf: Democratische Republiek Congo<\/li>\n<li> STAD: Lubumbashi<\/li>\n<li> ARTISTIEKE DISCIPLINE: Muziek \/ Lied \/ Verhalen\n<\/li>\n<\/ul>","protected":false},"author":11,"featured_media":14342,"comment_status":"closed","ping_status":"open","sticky":false,"template":"","format":"standard","meta":{"_acf_changed":false,"_seopress_robots_primary_cat":"","_seopress_titles_title":"","_seopress_titles_desc":"","_seopress_robots_index":"","footnotes":""},"categories":[1053,1042],"tags":[],"pays":[],"class_list":["post-14345","post","type-post","status-publish","format-standard","has-post-thumbnail","hentry","category-arts-de-la-scene","category-bourses-creativity-is-life"],"acf":[],"_links":{"self":[{"href":"https:\/\/africalia.be\/nl\/wp-json\/wp\/v2\/posts\/14345","targetHints":{"allow":["GET"]}}],"collection":[{"href":"https:\/\/africalia.be\/nl\/wp-json\/wp\/v2\/posts"}],"about":[{"href":"https:\/\/africalia.be\/nl\/wp-json\/wp\/v2\/types\/post"}],"author":[{"embeddable":true,"href":"https:\/\/africalia.be\/nl\/wp-json\/wp\/v2\/users\/11"}],"replies":[{"embeddable":true,"href":"https:\/\/africalia.be\/nl\/wp-json\/wp\/v2\/comments?post=14345"}],"version-history":[{"count":0,"href":"https:\/\/africalia.be\/nl\/wp-json\/wp\/v2\/posts\/14345\/revisions"}],"wp:featuredmedia":[{"embeddable":true,"href":"https:\/\/africalia.be\/nl\/wp-json\/wp\/v2\/media\/14342"}],"wp:attachment":[{"href":"https:\/\/africalia.be\/nl\/wp-json\/wp\/v2\/media?parent=14345"}],"wp:term":[{"taxonomy":"category","embeddable":true,"href":"https:\/\/africalia.be\/nl\/wp-json\/wp\/v2\/categories?post=14345"},{"taxonomy":"post_tag","embeddable":true,"href":"https:\/\/africalia.be\/nl\/wp-json\/wp\/v2\/tags?post=14345"},{"taxonomy":"pays","embeddable":true,"href":"https:\/\/africalia.be\/nl\/wp-json\/wp\/v2\/pays?post=14345"}],"curies":[{"name":"wp","href":"https:\/\/api.w.org\/{rel}","templated":true}]}}