{"id":14385,"date":"2020-10-12T09:37:23","date_gmt":"2020-10-12T09:37:23","guid":{"rendered":"https:\/\/africalia.be\/michael-chiunda-2\/"},"modified":"2023-10-04T15:11:22","modified_gmt":"2023-10-04T15:11:22","slug":"michael-chiunda-2","status":"publish","type":"post","link":"http:\/\/africalia.be\/nl\/michael-chiunda-2\/","title":{"rendered":"Michael Chiunda"},"content":{"rendered":"<p><img fetchpriority=\"high\" decoding=\"async\" class=\" size-full wp-image-14383\" src=\"https:\/\/africalia.be\/wp-content\/uploads\/2020\/10\/michael_chiunda-jpg.webp\" alt=\"michael_chiunda.jpg\" align=\"insert|left\" width=\"480\" height=\"640\" srcset=\"https:\/\/africalia.be\/wp-content\/uploads\/2020\/10\/michael_chiunda-jpg.webp 480w, https:\/\/africalia.be\/wp-content\/uploads\/2020\/10\/michael_chiunda-225x300.webp 225w\" sizes=\"(max-width: 480px) 100vw, 480px\" \/><\/p>\n<p><bloc>L&rsquo;artiste<\/p>\n<h3>Quelques mots sur votre parcours artistique<\/h3>\n<p> Mon parcours d&rsquo;artiste n&rsquo;a pas \u00e9t\u00e9 facile mais, \u00e0 bien des \u00e9gards, a \u00e9t\u00e9 tr\u00e8s enrichissant. J&rsquo;ai pu contribuer \u00e0 la cr\u00e9ation de contenus de gu\u00e9rison qui me permettent de m&rsquo;exprimer et d&rsquo;amorcer la conversation dans ma communaut\u00e9. Je crois que mon contenu entra\u00eene des conversations sociopolitiques.<\/p>\n<h3>Depuis combien de temps \u00eates-vous artiste?<\/h3>\n<p>Je suis artiste depuis 2013 et je publie de la musique presque chaque ann\u00e9e. <\/p>\n<p><strong><em>**<br \/>\nPourquoi avez-vous demand\u00e9 cette bourse? Comment la bourse vous soutiendra-t-elle?<\/strong><\/em><\/p>\n<p> La bourse me permettrait de continuer \u00e0 cr\u00e9er du contenu dans une p\u00e9riode o\u00f9 la pand\u00e9mie paralyse beaucoup d&rsquo;artistes. J&rsquo;ai ce r\u00eave de parler des probl\u00e8mes actuels autour de la sexualit\u00e9 et d&rsquo;autres probl\u00e8mes sociaux. Sans cette bourse, j&rsquo;aurais d\u00fb attendre que la pand\u00e9mie soit plus g\u00e9rable.<\/p>\n<h3>Quels sont vos objectifs artistiques concrets apr\u00e8s cette r\u00e9sidence?<\/h3>\n<p>J&rsquo;ai l&rsquo;intention de cr\u00e9er des plate-formes pour d&rsquo;autres artistes comme moi qui croient en leur responsabilit\u00e9 d&rsquo;appeler la soci\u00e9t\u00e9 \u00e0 rendre des comptes \u00e0 travers l&rsquo;art.<\/p>\n<p><\/bloc><\/p>\n<p><bloc>Sa r\u00e9sidence<\/p>\n<h2>Qu\u2019avez-vous accompli au cours de cette r\u00e9sidence de cr\u00e9ation ? Quel est le r\u00e9sultat (\u0153uvre cr\u00e9\u00e9e) ? Qui a \u00e9t\u00e9 impliqu\u00e9 dans le processus de cr\u00e9ation ?<\/h2>\n<p>Pendant la cr\u00e9ation de ce projet, j&rsquo;ai pu collaborer avec d&rsquo;autres artistes de mon pays et d&rsquo;ailleurs. J&rsquo;ai pu partager des r\u00e9cits sur la r\u00e9alisation de soi, les injustices sociopolitiques, l&rsquo;in\u00e9galit\u00e9 et les questions de gouvernance. J&rsquo;ai cr\u00e9\u00e9 un EP musical et une vid\u00e9o qui est disponible sur youtube. J&rsquo;ai travaill\u00e9 avec un producteur de musique, Texas, un ing\u00e9nieur du son, Ebenezzer Maxwell, un vid\u00e9aste, Dir MK et une photographe, Mimi Bouvier.<\/p>\n<h2>Comment estimez-vous que ces activit\u00e9s permettent une r\u00e9flexion sur le monde actuel, en lien avec la crise du COVID-19, et\/ou sur la construction du futur ?<\/h2>\n<p>Je pense qu&rsquo;il est important d&rsquo;\u00eatre conscient de ses communaut\u00e9s. La musique a \u00e9voqu\u00e9 un certain nombre de questions de soci\u00e9t\u00e9. Il est int\u00e9ressant de noter qu&rsquo;un \u00e9norme d\u00e9bat et un appel \u00e0 l&rsquo;action ont eu lieu au Zimbabwe par le biais du mouvement Zimbabwean Lives Matter. J&rsquo;aimerais penser que la musique a \u00e9galement eu un impact sur la fa\u00e7on dont les gens voient la politique et l&rsquo;administration.<\/p>\n<p>La musique met ma communaut\u00e9 au d\u00e9fi d&rsquo;enqu\u00eater davantage et d&rsquo;interpeller nos dirigeants. C&rsquo;est quelque chose qui n&rsquo;est pas facile mais qui reste important \u00e0 faire. Je suis enthousiaste de voir l&rsquo;impact de la musique sur ma communaut\u00e9 et les groupes minoritaires \u00e0 travers le pays.<\/p>\n<h2>Quel a \u00e9t\u00e9 votre ressenti durant la r\u00e9sidence ? Et au sortir de celle-ci ? <\/h2>\n<p>La R\u00e9sidence m&rsquo;a rendu un peu anxieux. En tant que perfectionniste, je voulais que tout soit parfaitement conforme. Le fait de pouvoir faire confiance \u00e0 d&rsquo;autres partenaires pour un m\u00eame projet \u00e9tait un d\u00e9fi. Beaucoup de travail a \u00e9t\u00e9 consacr\u00e9 \u00e0 la conception d&rsquo;un contenu parfait. <\/p>\n<p>Le mixage et la ma\u00eetrise de la musique ont pris plus de temps que pr\u00e9vu car je voulais le meilleur son possible. Faire rebondir les id\u00e9es avec les diff\u00e9rents artistes collaborateurs \u00e9tait int\u00e9ressant et parfois frustrant, mais au final, j&rsquo;ai le sentiment que nous avons fait un beau travail. J&rsquo;adore les deux projets et ils ont \u00e9galement re\u00e7u de tr\u00e8s bonnes critiques de la part des fans. <\/p>\n<p><\/bloc><\/p>\n<p><bloc>Son \u0153uvre<\/p>\n<p>[(<\/p>\n<h2> Shelter <\/h2>\n<p>)]<\/p>\n<figure id=\"attachment_14384\" aria-describedby=\"caption-attachment-14384\" style=\"width: 900px\" class=\"wp-caption alignnone\"><img decoding=\"async\" class=\" size-full wp-image-14384\" src=\"https:\/\/africalia.be\/wp-content\/uploads\/2020\/10\/shelter_album_art-jpg.webp\" alt=\"Michael Chiunda - Shelter\" title=\"Michael Chiunda - Shelter\" class=\"caption\" align=\"insert|center\" width=\"900\" height=\"900\" srcset=\"https:\/\/africalia.be\/wp-content\/uploads\/2020\/10\/shelter_album_art-jpg.webp 900w, https:\/\/africalia.be\/wp-content\/uploads\/2020\/10\/shelter_album_art-300x300.webp 300w, https:\/\/africalia.be\/wp-content\/uploads\/2020\/10\/shelter_album_art-150x150.webp 150w, https:\/\/africalia.be\/wp-content\/uploads\/2020\/10\/shelter_album_art-768x768.webp 768w\" sizes=\"(max-width: 900px) 100vw, 900px\" \/><figcaption id=\"caption-attachment-14384\" class=\"wp-caption-text\">Michael Chiunda &#8211; Shelter<\/figcaption><\/figure>\n<p><strong>Sunflower Frequency<\/strong><\/p>\n<p><iframe width=\"560\" height=\"315\" src=\"https:\/\/www.youtube.com\/embed\/4Xb1dHj8ZYI\" frameborder=\"0\" allow=\"accelerometer; autoplay; clipboard-write; encrypted-media; gyroscope; picture-in-picture\" allowfullscreen><\/iframe><\/p>\n<p><strong><a href=\"https:\/\/www.thepitldn.com\/pitnews\/shelter\" target=\"_blank\" rel=\"noopener noreferrer nofollow\">D\u00e9couvrez tout l&rsquo;album \u00ab\u00a0Shelter\u00a0\u00bb de Michael Chiunda<\/a><\/strong><\/p>\n<p><\/bloc><div id='gallery-1' class='gallery galleryid-14385 gallery-columns-3 gallery-size-thumbnail'><figure class='gallery-item'>\n\t\t\t<div class='gallery-icon portrait'>\n\t\t\t\t<a href='https:\/\/africalia.be\/wp-content\/uploads\/2020\/06\/michael_chiunda-jpg.webp'><img decoding=\"async\" width=\"150\" height=\"150\" src=\"https:\/\/africalia.be\/wp-content\/uploads\/2020\/06\/michael_chiunda-150x150.webp\" class=\"attachment-thumbnail size-thumbnail\" alt=\"michael_chiunda.jpg\" \/><\/a>\n\t\t\t<\/div><\/figure><figure class='gallery-item'>\n\t\t\t<div class='gallery-icon landscape'>\n\t\t\t\t<a href='https:\/\/africalia.be\/wp-content\/uploads\/2020\/10\/shelter_album_art-jpg.webp'><img loading=\"lazy\" decoding=\"async\" width=\"150\" height=\"150\" src=\"https:\/\/africalia.be\/wp-content\/uploads\/2020\/10\/shelter_album_art-150x150.webp\" class=\"attachment-thumbnail size-thumbnail\" alt=\"Michael Chiunda - Shelter\" aria-describedby=\"gallery-1-14387\" srcset=\"https:\/\/africalia.be\/wp-content\/uploads\/2020\/10\/shelter_album_art-150x150.webp 150w, https:\/\/africalia.be\/wp-content\/uploads\/2020\/10\/shelter_album_art-300x300.webp 300w, https:\/\/africalia.be\/wp-content\/uploads\/2020\/10\/shelter_album_art-768x768.webp 768w, https:\/\/africalia.be\/wp-content\/uploads\/2020\/10\/shelter_album_art-jpg.webp 900w\" sizes=\"(max-width: 150px) 100vw, 150px\" \/><\/a>\n\t\t\t<\/div>\n\t\t\t\t<figcaption class='wp-caption-text gallery-caption' id='gallery-1-14387'>\n\t\t\t\tMichael Chiunda &#8211; Shelter\n\t\t\t\t<\/figcaption><\/figure>\n\t\t<\/div>\n<\/p>\n","protected":false},"excerpt":{"rendered":"<h3>Michael Chiunda<\/h3>\n<ul>\n<li> LEEFTIJD: 27<\/li>\n<li> LAND van verblijf: ZIMBABWE<\/li>\n<li> STAD: HARARE<\/li>\n<li> ARTISTIEKE DISCIPLINE: MUZIEK &amp; PO\u00cbZIE<\/li>\n<\/ul>","protected":false},"author":11,"featured_media":14382,"comment_status":"closed","ping_status":"open","sticky":false,"template":"","format":"standard","meta":{"_acf_changed":false,"_seopress_robots_primary_cat":"","_seopress_titles_title":"","_seopress_titles_desc":"","_seopress_robots_index":"","footnotes":""},"categories":[1053,1042],"tags":[],"pays":[],"class_list":["post-14385","post","type-post","status-publish","format-standard","has-post-thumbnail","hentry","category-arts-de-la-scene","category-bourses-creativity-is-life"],"acf":[],"_links":{"self":[{"href":"http:\/\/africalia.be\/nl\/wp-json\/wp\/v2\/posts\/14385","targetHints":{"allow":["GET"]}}],"collection":[{"href":"http:\/\/africalia.be\/nl\/wp-json\/wp\/v2\/posts"}],"about":[{"href":"http:\/\/africalia.be\/nl\/wp-json\/wp\/v2\/types\/post"}],"author":[{"embeddable":true,"href":"http:\/\/africalia.be\/nl\/wp-json\/wp\/v2\/users\/11"}],"replies":[{"embeddable":true,"href":"http:\/\/africalia.be\/nl\/wp-json\/wp\/v2\/comments?post=14385"}],"version-history":[{"count":0,"href":"http:\/\/africalia.be\/nl\/wp-json\/wp\/v2\/posts\/14385\/revisions"}],"wp:featuredmedia":[{"embeddable":true,"href":"http:\/\/africalia.be\/nl\/wp-json\/wp\/v2\/media\/14382"}],"wp:attachment":[{"href":"http:\/\/africalia.be\/nl\/wp-json\/wp\/v2\/media?parent=14385"}],"wp:term":[{"taxonomy":"category","embeddable":true,"href":"http:\/\/africalia.be\/nl\/wp-json\/wp\/v2\/categories?post=14385"},{"taxonomy":"post_tag","embeddable":true,"href":"http:\/\/africalia.be\/nl\/wp-json\/wp\/v2\/tags?post=14385"},{"taxonomy":"pays","embeddable":true,"href":"http:\/\/africalia.be\/nl\/wp-json\/wp\/v2\/pays?post=14385"}],"curies":[{"name":"wp","href":"https:\/\/api.w.org\/{rel}","templated":true}]}}